{"id":10607,"date":"2023-09-29T17:06:12","date_gmt":"2023-09-29T15:06:12","guid":{"rendered":"https:\/\/www.orthokey.com\/di-asd\/"},"modified":"2025-02-03T09:28:32","modified_gmt":"2025-02-03T08:28:32","slug":"di-asd","status":"publish","type":"post","link":"https:\/\/www.orthokey.com\/it\/di-asd\/","title":{"rendered":"DI-ASD"},"content":{"rendered":"\t\t<div data-elementor-type=\"wp-post\" data-elementor-id=\"10607\" class=\"elementor elementor-10607 elementor-9842\">\n\t\t\t\t\t\t<section class=\"elementor-section elementor-top-section elementor-element elementor-element-69dac6d9 elementor-section-boxed elementor-section-height-default elementor-section-height-default parallax_section_no qodef_elementor_container_no\" data-id=\"69dac6d9\" data-element_type=\"section\" data-e-type=\"section\">\n\t\t\t\t\t\t<div class=\"elementor-container elementor-column-gap-default\">\n\t\t\t\t\t<div class=\"elementor-column elementor-col-100 elementor-top-column elementor-element elementor-element-32c3d8df\" data-id=\"32c3d8df\" data-element_type=\"column\" data-e-type=\"column\">\n\t\t\t<div class=\"elementor-widget-wrap elementor-element-populated\">\n\t\t\t\t\t\t<div class=\"elementor-element elementor-element-5792ecc6 elementor-widget elementor-widget-text-editor\" data-id=\"5792ecc6\" data-element_type=\"widget\" data-e-type=\"widget\" data-widget_type=\"text-editor.default\">\n\t\t\t\t<div class=\"elementor-widget-container\">\n\t\t\t\t\t\t\t\t\t<p><strong style=\"color: rgb(68, 68, 68); font-family: \"Helvetica Neue\", Helvetica, Arial, sans-serif; text-align: center; background-color: rgb(255, 255, 255);\">Sistema personalizzabile per la tutela del benessere sul posto di lavoro Progetto cofinanziato nell&#8217;ambito del POR FESR Toscana 2014 \u2013 2020<\/strong><br style=\"color: rgb(68, 68, 68); font-family: \"Helvetica Neue\", Helvetica, Arial, sans-serif; text-align: center;\"><em style=\"color: rgb(68, 68, 68); font-family: \"Helvetica Neue\", Helvetica, Arial, sans-serif; text-align: center; background-color: rgb(255, 255, 255);\">Progetto cofinanziato nell&#8217;ambito del POR FESR Toscana 2014 \u2013 2020<\/em><\/p>\n\t\t\t\t\t\t\t\t<\/div>\n\t\t\t\t<\/div>\n\t\t\t\t<div class=\"elementor-element elementor-element-a540091 elementor-widget elementor-widget-text-editor\" data-id=\"a540091\" data-element_type=\"widget\" data-e-type=\"widget\" data-widget_type=\"text-editor.default\">\n\t\t\t\t<div class=\"elementor-widget-container\">\n\t\t\t\t\t\t\t\t\t<p>Il sistema DI-ASD si pone come sistema integrato per il supporto alla diagnosi dei Disturbi dello Spettro Autistico (ASD) e si rivolge ad un target di riferimento rappresentato da bambini tra i 18 e i 60 mesi gi\u00e0 in possesso di diagnosi di ASD necessitanti di rivalutazione in caso di positivit\u00e0 o sospetta positivit\u00e0.<\/p>\n<p><br><\/p>\n<p>Il prototipo oggetto dell\u2019investimento si propone di offrire un supporto tecnologico alla diagnosi di ASD, diagnosi che \u00e8 svolta da clinici in un contesto di osservazione semi-strutturata dell\u2019interazione del bambino con l\u2019adulto e con l\u2019ambiente circostante basata sulla scala diagnostica ADOS \u2013 di recente introduzione e che attualmente rappresenta il Gold standard di riferimento diagnostico.<\/p>\n<p>Finanziamento ricevuto: \u20ac 253.451,25<\/p><p>Realizzato in collaborazione con:<\/p><p>\u2013 Universit\u00e0 degli studi di Firenze, Dipartimento di Ingegneria dell\u2019informazione \u2013&nbsp;<strong><span style=\"color: #000000;\"><a style=\"color: #000000;\" href=\"http:\/\/www.dinfo.unifi.it\/\">www.dinfo.unifi.it<\/a><\/span><\/strong><br>&#8211; Fondazione Stella Maris &#8211;&nbsp;<strong><span style=\"color: #000000;\"><a style=\"color: #000000;\" href=\"http:\/\/www.irccs-stellamaris.it\/\">www.irccs-stellamaris.it<\/a><\/span><\/strong><br>&#8211; Signo Motus srl &#8211;&nbsp;<strong><span style=\"color: #000000;\"><a style=\"color: #000000;\" href=\"http:\/\/www.signomotus.it\/\">www.signomotus.it<\/a><\/span><\/strong><br>&#8211; Mathema srl &#8211;&nbsp;<span style=\"color: #000000;\"><strong><a style=\"color: #000000;\" href=\"http:\/\/www.mathema.it\/\">www.mathema.it<\/a><\/strong><\/span><\/p>\t\t\t\t\t\t\t\t<\/div>\n\t\t\t\t<\/div>\n\t\t\t\t<div class=\"elementor-element elementor-element-f3754b2 elementor-widget elementor-widget-spacer\" data-id=\"f3754b2\" data-element_type=\"widget\" data-e-type=\"widget\" data-widget_type=\"spacer.default\">\n\t\t\t\t<div class=\"elementor-widget-container\">\n\t\t\t\t\t\t\t<div class=\"elementor-spacer\">\n\t\t\t<div class=\"elementor-spacer-inner\"><\/div>\n\t\t<\/div>\n\t\t\t\t\t\t<\/div>\n\t\t\t\t<\/div>\n\t\t\t\t<div class=\"elementor-element elementor-element-c8c42e8 elementor-widget elementor-widget-image\" data-id=\"c8c42e8\" data-element_type=\"widget\" data-e-type=\"widget\" data-widget_type=\"image.default\">\n\t\t\t\t<div class=\"elementor-widget-container\">\n\t\t\t\t\t\t\t\t\t\t\t\t\t\t\t<img fetchpriority=\"high\" decoding=\"async\" width=\"800\" height=\"116\" src=\"https:\/\/www.orthokey.com\/wp-content\/uploads\/2023\/09\/progetti_regionali_porcreo.png\" class=\"attachment-large size-large wp-image-10551\" alt=\"\" srcset=\"https:\/\/www.orthokey.com\/wp-content\/uploads\/2023\/09\/progetti_regionali_porcreo.png 800w, https:\/\/www.orthokey.com\/wp-content\/uploads\/2023\/09\/progetti_regionali_porcreo-300x44.png 300w, https:\/\/www.orthokey.com\/wp-content\/uploads\/2023\/09\/progetti_regionali_porcreo-768x111.png 768w\" sizes=\"(max-width: 800px) 100vw, 800px\" \/>\t\t\t\t\t\t\t\t\t\t\t\t\t\t\t<\/div>\n\t\t\t\t<\/div>\n\t\t\t\t\t<\/div>\n\t\t<\/div>\n\t\t\t\t\t<\/div>\n\t\t<\/section>\n\t\t\t\t<\/div>\n\t\t","protected":false},"excerpt":{"rendered":"<p>&#8230;<\/p>\n","protected":false},"author":1,"featured_media":10562,"comment_status":"closed","ping_status":"closed","sticky":false,"template":"","format":"standard","meta":{"footnotes":""},"categories":[79],"tags":[],"class_list":["post-10607","post","type-post","status-publish","format-standard","has-post-thumbnail","hentry","category-progetti"],"_links":{"self":[{"href":"https:\/\/www.orthokey.com\/it\/wp-json\/wp\/v2\/posts\/10607","targetHints":{"allow":["GET"]}}],"collection":[{"href":"https:\/\/www.orthokey.com\/it\/wp-json\/wp\/v2\/posts"}],"about":[{"href":"https:\/\/www.orthokey.com\/it\/wp-json\/wp\/v2\/types\/post"}],"author":[{"embeddable":true,"href":"https:\/\/www.orthokey.com\/it\/wp-json\/wp\/v2\/users\/1"}],"replies":[{"embeddable":true,"href":"https:\/\/www.orthokey.com\/it\/wp-json\/wp\/v2\/comments?post=10607"}],"version-history":[{"count":3,"href":"https:\/\/www.orthokey.com\/it\/wp-json\/wp\/v2\/posts\/10607\/revisions"}],"predecessor-version":[{"id":10610,"href":"https:\/\/www.orthokey.com\/it\/wp-json\/wp\/v2\/posts\/10607\/revisions\/10610"}],"wp:featuredmedia":[{"embeddable":true,"href":"https:\/\/www.orthokey.com\/it\/wp-json\/wp\/v2\/media\/10562"}],"wp:attachment":[{"href":"https:\/\/www.orthokey.com\/it\/wp-json\/wp\/v2\/media?parent=10607"}],"wp:term":[{"taxonomy":"category","embeddable":true,"href":"https:\/\/www.orthokey.com\/it\/wp-json\/wp\/v2\/categories?post=10607"},{"taxonomy":"post_tag","embeddable":true,"href":"https:\/\/www.orthokey.com\/it\/wp-json\/wp\/v2\/tags?post=10607"}],"curies":[{"name":"wp","href":"https:\/\/api.w.org\/{rel}","templated":true}]}}