{"id":10652,"date":"2023-09-29T16:57:09","date_gmt":"2023-09-29T14:57:09","guid":{"rendered":"https:\/\/www.orthokey.com\/remind\/"},"modified":"2025-02-03T09:31:08","modified_gmt":"2025-02-03T08:31:08","slug":"remind","status":"publish","type":"post","link":"https:\/\/www.orthokey.com\/it\/remind\/","title":{"rendered":"REMIND"},"content":{"rendered":"\t\t<div data-elementor-type=\"wp-post\" data-elementor-id=\"10652\" class=\"elementor elementor-10652 elementor-9826\">\n\t\t\t\t\t\t<section class=\"elementor-section elementor-top-section elementor-element elementor-element-69dac6d9 elementor-section-boxed elementor-section-height-default elementor-section-height-default parallax_section_no qodef_elementor_container_no\" data-id=\"69dac6d9\" data-element_type=\"section\" data-e-type=\"section\">\n\t\t\t\t\t\t<div class=\"elementor-container elementor-column-gap-default\">\n\t\t\t\t\t<div class=\"elementor-column elementor-col-100 elementor-top-column elementor-element elementor-element-32c3d8df\" data-id=\"32c3d8df\" data-element_type=\"column\" data-e-type=\"column\">\n\t\t\t<div class=\"elementor-widget-wrap elementor-element-populated\">\n\t\t\t\t\t\t<div class=\"elementor-element elementor-element-5792ecc6 elementor-widget elementor-widget-text-editor\" data-id=\"5792ecc6\" data-element_type=\"widget\" data-e-type=\"widget\" data-widget_type=\"text-editor.default\">\n\t\t\t\t<div class=\"elementor-widget-container\">\n\t\t\t\t\t\t\t\t\t<p><strong style=\"color: #444444; font-family: 'Helvetica Neue', Helvetica, Arial, sans-serif; background-color: #ffffff;\">Tecnologie di aiuto alla memoria per le persone affette da demenza<\/strong><\/p>\n\t\t\t\t\t\t\t\t<\/div>\n\t\t\t\t<\/div>\n\t\t\t\t<div class=\"elementor-element elementor-element-a540091 elementor-widget elementor-widget-text-editor\" data-id=\"a540091\" data-element_type=\"widget\" data-e-type=\"widget\" data-widget_type=\"text-editor.default\">\n\t\t\t\t<div class=\"elementor-widget-container\">\n\t\t\t\t\t\t\t\t\t<p>Lo scopo di questo progetto \u00e8 quello di creare una rete internazionale e intersettoriale per facilitare lo scambio di personale al fine di far progredire gli sviluppi nelle tecnologie di aiuto alla memoria per le persone affette da demenza che possono essere implementate in ambienti intelligenti.<\/p>\n<p>L&#8217;attenzione sar\u00e0 focalizzata sullo sviluppo delle competenze del personale e dei partner nei settori della progettazione centrata sull&#8217;utente e delle scienze comportamentali, abbinati a tecniche computazionali migliorate che a loro volta offriranno soluzioni adiuvanti la memoria pi\u00f9 appropriate ed efficaci. Ci\u00f2 sar\u00e0 ulteriormente supportato attraverso la ricerca che prevede studi incentrati sull&#8217;utente sull&#8217;uso di tecnologie adiuvanti la memoria e la teoria del cambiamento comportamentale per migliorare la conformit\u00e0 dell&#8217;utilizzo.<\/p>\n<p>Per maggiori informazioni su REMIND, visitare: <strong><span style=\"color: #000000;\"><a style=\"color: #000000;\" href=\"https:\/\/www.remind-research.com\/\">https:\/\/www.remind-research.com\/<\/a><\/span><\/strong><\/p>\n\t\t\t\t\t\t\t\t<\/div>\n\t\t\t\t<\/div>\n\t\t\t\t<section class=\"elementor-section elementor-inner-section elementor-element elementor-element-8e959e9 elementor-section-boxed elementor-section-height-default elementor-section-height-default parallax_section_no qodef_elementor_container_no\" data-id=\"8e959e9\" data-element_type=\"section\" data-e-type=\"section\">\n\t\t\t\t\t\t<div class=\"elementor-container elementor-column-gap-default\">\n\t\t\t\t\t<div class=\"elementor-column elementor-col-50 elementor-inner-column elementor-element elementor-element-9d9cabc\" data-id=\"9d9cabc\" data-element_type=\"column\" data-e-type=\"column\">\n\t\t\t<div class=\"elementor-widget-wrap elementor-element-populated\">\n\t\t\t\t\t\t<div class=\"elementor-element elementor-element-dc96acb elementor-widget elementor-widget-image\" data-id=\"dc96acb\" data-element_type=\"widget\" data-e-type=\"widget\" data-widget_type=\"image.default\">\n\t\t\t\t<div class=\"elementor-widget-container\">\n\t\t\t\t\t\t\t\t\t\t\t\t\t\t\t<img decoding=\"async\" width=\"147\" height=\"98\" src=\"https:\/\/www.orthokey.com\/wp-content\/uploads\/2023\/09\/eu_flag_projects.jpg\" class=\"attachment-large size-large wp-image-10552\" alt=\"\" \/>\t\t\t\t\t\t\t\t\t\t\t\t\t\t\t<\/div>\n\t\t\t\t<\/div>\n\t\t\t\t\t<\/div>\n\t\t<\/div>\n\t\t\t\t<div class=\"elementor-column elementor-col-50 elementor-inner-column elementor-element elementor-element-79de355\" data-id=\"79de355\" data-element_type=\"column\" data-e-type=\"column\">\n\t\t\t<div class=\"elementor-widget-wrap elementor-element-populated\">\n\t\t\t\t\t\t<div class=\"elementor-element elementor-element-71d50e9 elementor-widget elementor-widget-qodef_blockquote\" data-id=\"71d50e9\" data-element_type=\"widget\" data-e-type=\"widget\" data-widget_type=\"qodef_blockquote.default\">\n\t\t\t\t<div class=\"elementor-widget-container\">\n\t\t\t\t\t\n<blockquote class=\"qodef-blockquote-shortcode\"  >\n\t<h4 class=\"qodef-blockquote-text\">\n\t<span>Questo progetto ha ricevuto finanziamenti dal programma di ricerca e innovazione Horizon 2020 dell\u2019Unione Europea con la convenzione di sovvenzione n. 734355.<\/span>\n\t<\/h4>\n<\/blockquote>\t\t\t\t<\/div>\n\t\t\t\t<\/div>\n\t\t\t\t\t<\/div>\n\t\t<\/div>\n\t\t\t\t\t<\/div>\n\t\t<\/section>\n\t\t\t\t\t<\/div>\n\t\t<\/div>\n\t\t\t\t\t<\/div>\n\t\t<\/section>\n\t\t\t\t<\/div>\n\t\t","protected":false},"excerpt":{"rendered":"<p>&#8230;<\/p>\n","protected":false},"author":1,"featured_media":10560,"comment_status":"closed","ping_status":"closed","sticky":false,"template":"","format":"standard","meta":{"footnotes":""},"categories":[79],"tags":[],"class_list":["post-10652","post","type-post","status-publish","format-standard","has-post-thumbnail","hentry","category-progetti"],"_links":{"self":[{"href":"https:\/\/www.orthokey.com\/it\/wp-json\/wp\/v2\/posts\/10652","targetHints":{"allow":["GET"]}}],"collection":[{"href":"https:\/\/www.orthokey.com\/it\/wp-json\/wp\/v2\/posts"}],"about":[{"href":"https:\/\/www.orthokey.com\/it\/wp-json\/wp\/v2\/types\/post"}],"author":[{"embeddable":true,"href":"https:\/\/www.orthokey.com\/it\/wp-json\/wp\/v2\/users\/1"}],"replies":[{"embeddable":true,"href":"https:\/\/www.orthokey.com\/it\/wp-json\/wp\/v2\/comments?post=10652"}],"version-history":[{"count":6,"href":"https:\/\/www.orthokey.com\/it\/wp-json\/wp\/v2\/posts\/10652\/revisions"}],"predecessor-version":[{"id":10658,"href":"https:\/\/www.orthokey.com\/it\/wp-json\/wp\/v2\/posts\/10652\/revisions\/10658"}],"wp:featuredmedia":[{"embeddable":true,"href":"https:\/\/www.orthokey.com\/it\/wp-json\/wp\/v2\/media\/10560"}],"wp:attachment":[{"href":"https:\/\/www.orthokey.com\/it\/wp-json\/wp\/v2\/media?parent=10652"}],"wp:term":[{"taxonomy":"category","embeddable":true,"href":"https:\/\/www.orthokey.com\/it\/wp-json\/wp\/v2\/categories?post=10652"},{"taxonomy":"post_tag","embeddable":true,"href":"https:\/\/www.orthokey.com\/it\/wp-json\/wp\/v2\/tags?post=10652"}],"curies":[{"name":"wp","href":"https:\/\/api.w.org\/{rel}","templated":true}]}}